{"id":101,"date":"2014-05-03T13:19:55","date_gmt":"2014-05-03T13:19:55","guid":{"rendered":"http:\/\/www.culturalusa.info\/videos\/?p=101"},"modified":"2019-11-20T20:14:16","modified_gmt":"2019-11-20T20:14:16","slug":"portugal-esta-mais-pobre-e-mais-fraturado","status":"publish","type":"post","link":"https:\/\/www.culturalusa.info\/videos\/noticias\/portugal-esta-mais-pobre-e-mais-fraturado\/","title":{"rendered":"Portugal est\u00e1 mais pobre e mais fraturado"},"content":{"rendered":"<p>Portugal est\u00e1 mais pobre e mais fraturado ap\u00f3s sa\u00edda da troika, diz Sampaio N\u00f3voa.<\/p>\n<p>O antigo reitor da Universidade de Lisboa, Ant\u00f3nio Sampaio da N\u00f3voa, diz que depois da sa\u00edda da troika, Portugal \u00e9 um pa\u00eds mais pobre, mais fraturado e com uma escola mais fr\u00e1gil.<!--more--><\/p>\n<div><iframe loading=\"lazy\" src=\"https:\/\/rd3.videos.sapo.pt\/playhtml?file=http:\/\/rd3.videos.sapo.pt\/lGcRrRjzGNZtAoIZLYf9\/mov\/1\" frameborder=\"0\" scrolling=\"no\" width=\"680\" height=\"380\" webkitallowfullscreen mozallowfullscreen allowfullscreen ><\/iframe><\/div>\n<p style=\"text-align:center;\"><script type=\"text\/javascript\"><!--\ngoogle_ad_client = \"ca-pub-2727717456356200\";\n\/* CulturaLusa 468x60 *\/\ngoogle_ad_slot = \"2785499263\";\ngoogle_ad_width = 468;\ngoogle_ad_height = 60;\n\/\/-->\n<\/script><br \/>\n<script type=\"text\/javascript\"\nsrc=\"https:\/\/pagead2.googlesyndication.com\/pagead\/show_ads.js\">\n<\/script><\/p>\n  <div class=\"related-post grid\">\r\n      <div class=\"post-list \">\r\n\r\n            <div class=\"item\">\r\n          \r\n  <a class=\"title post_title\"  title=\"Conseguir decifrar o que diz Assun\u00e7\u00e3o Esteves na entrevista\" href=\"https:\/\/www.culturalusa.info\/videos\/noticias\/conseguir-decifrar-o-que-diz-assuncao-esteves-na-entrevista\/?related_post_from=68\">\r\n        Conseguir decifrar o que diz Assun\u00e7\u00e3o Esteves na entrevista  <\/a>\r\n\r\n  <div class=\"thumb post_thumb\">\r\n    <a  title=\"Conseguir decifrar o que diz Assun\u00e7\u00e3o Esteves na entrevista\" href=\"https:\/\/www.culturalusa.info\/videos\/noticias\/conseguir-decifrar-o-que-diz-assuncao-esteves-na-entrevista\/?related_post_from=68\">\r\n\r\n      <img loading=\"lazy\" decoding=\"async\" width=\"690\" height=\"387\" src=\"https:\/\/www.culturalusa.info\/videos\/wp-content\/uploads\/2014\/05\/video-generic.jpg\" class=\"attachment-full size-full wp-post-image\" alt=\"\" srcset=\"https:\/\/www.culturalusa.info\/videos\/wp-content\/uploads\/2014\/05\/video-generic.jpg 690w, https:\/\/www.culturalusa.info\/videos\/wp-content\/uploads\/2014\/05\/video-generic-300x168.jpg 300w\" sizes=\"(max-width: 690px) 100vw, 690px\" \/>\r\n\r\n    <\/a>\r\n  <\/div>\r\n  <p class=\"excerpt post_excerpt\">\r\n    A Presidente da Assembleia da Republica, deu uma entrevista \u00e0 R\u00e1dio Renascen\u00e7a com grande Verbo. Mas dificil de compreender Assun\u00e7\u00e3o <a class=\"read-more\" href=\"https:\/\/www.culturalusa.info\/videos\/noticias\/conseguir-decifrar-o-que-diz-assuncao-esteves-na-entrevista\/?related_post_from=68\"> Read more<\/a>  <\/p>\r\n        <\/div>\r\n              <div class=\"item\">\r\n          \r\n  <a class=\"title post_title\"  title=\"Portugal est\u00e1 mais pobre e mais fraturado\" href=\"https:\/\/www.culturalusa.info\/videos\/noticias\/portugal-esta-mais-pobre-e-mais-fraturado\/?related_post_from=101\">\r\n        Portugal est\u00e1 mais pobre e mais fraturado  <\/a>\r\n\r\n  <div class=\"thumb post_thumb\">\r\n    <a  title=\"Portugal est\u00e1 mais pobre e mais fraturado\" href=\"https:\/\/www.culturalusa.info\/videos\/noticias\/portugal-esta-mais-pobre-e-mais-fraturado\/?related_post_from=101\">\r\n\r\n      <img loading=\"lazy\" decoding=\"async\" width=\"449\" height=\"246\" src=\"https:\/\/www.culturalusa.info\/videos\/wp-content\/uploads\/2014\/05\/sampaio-novoa.jpg\" class=\"attachment-full size-full wp-post-image\" alt=\"\" srcset=\"https:\/\/www.culturalusa.info\/videos\/wp-content\/uploads\/2014\/05\/sampaio-novoa.jpg 449w, https:\/\/www.culturalusa.info\/videos\/wp-content\/uploads\/2014\/05\/sampaio-novoa-300x164.jpg 300w\" sizes=\"(max-width: 449px) 100vw, 449px\" \/>\r\n\r\n    <\/a>\r\n  <\/div>\r\n  <p class=\"excerpt post_excerpt\">\r\n    Portugal est\u00e1 mais pobre e mais fraturado ap\u00f3s sa\u00edda da troika, diz Sampaio N\u00f3voa. O antigo reitor da Universidade de <a class=\"read-more\" href=\"https:\/\/www.culturalusa.info\/videos\/noticias\/portugal-esta-mais-pobre-e-mais-fraturado\/?related_post_from=101\"> Read more<\/a>  <\/p>\r\n        <\/div>\r\n      \r\n  <\/div>\r\n\r\n  <script>\r\n      <\/script>\r\n  <style>\r\n    .related-post {}\r\n\r\n    .related-post .post-list {\r\n      text-align: left;\r\n          }\r\n\r\n    .related-post .post-list .item {\r\n      margin: 10px;\r\n      padding: 0px;\r\n          }\r\n\r\n    .related-post .headline {\r\n      font-size: 18px !important;\r\n      color: #999999 !important;\r\n          }\r\n\r\n    .related-post .post-list .item .post_title {\r\n      font-size: 16px;\r\n      color: #3f3f3f;\r\n      margin: 10px 0px;\r\n      padding: 0px;\r\n      display: block;\r\n      text-decoration: none;\r\n          }\r\n\r\n    .related-post .post-list .item .post_thumb {\r\n      max-height: 220px;\r\n      margin: 10px 0px;\r\n      padding: 0px;\r\n      display: block;\r\n          }\r\n\r\n    .related-post .post-list .item .post_excerpt {\r\n      font-size: 13px;\r\n      color: #3f3f3f;\r\n      margin: 10px 0px;\r\n      padding: 0px;\r\n      display: block;\r\n      text-decoration: none;\r\n          }\r\n\r\n    @media only screen and (min-width: 1024px) {\r\n      .related-post .post-list .item {\r\n        width: 45%;\r\n      }\r\n    }\r\n\r\n    @media only screen and (min-width: 768px) and (max-width: 1023px) {\r\n      .related-post .post-list .item {\r\n        width: 90%;\r\n      }\r\n    }\r\n\r\n    @media only screen and (min-width: 0px) and (max-width: 767px) {\r\n      .related-post .post-list .item {\r\n        width: 90%;\r\n      }\r\n    }\r\n\r\n      <\/style>\r\n    <\/div>\r\n","protected":false},"excerpt":{"rendered":"<p>Portugal est\u00e1 mais pobre e mais fraturado ap\u00f3s sa\u00edda da troika, diz Sampaio N\u00f3voa. O antigo reitor da Universidade de Lisboa, Ant\u00f3nio Sampaio da N\u00f3voa, diz que depois da sa\u00edda da troika, Portugal \u00e9 um pa\u00eds mais pobre, mais fraturado e com uma escola mais fr\u00e1gil. Conseguir decifrar o que diz Assun\u00e7\u00e3o Esteves na entrevista [&hellip;]<\/p>\n","protected":false},"author":1,"featured_media":165,"comment_status":"open","ping_status":"closed","sticky":false,"template":"","format":"standard","meta":{"footnotes":""},"categories":[5],"tags":[42,56,41],"class_list":["post-101","post","type-post","status-publish","format-standard","has-post-thumbnail","hentry","category-noticias","tag-portugal","tag-sampaio-novoa","tag-troika"],"aioseo_notices":[],"_links":{"self":[{"href":"https:\/\/www.culturalusa.info\/videos\/wp-json\/wp\/v2\/posts\/101"}],"collection":[{"href":"https:\/\/www.culturalusa.info\/videos\/wp-json\/wp\/v2\/posts"}],"about":[{"href":"https:\/\/www.culturalusa.info\/videos\/wp-json\/wp\/v2\/types\/post"}],"author":[{"embeddable":true,"href":"https:\/\/www.culturalusa.info\/videos\/wp-json\/wp\/v2\/users\/1"}],"replies":[{"embeddable":true,"href":"https:\/\/www.culturalusa.info\/videos\/wp-json\/wp\/v2\/comments?post=101"}],"version-history":[{"count":5,"href":"https:\/\/www.culturalusa.info\/videos\/wp-json\/wp\/v2\/posts\/101\/revisions"}],"predecessor-version":[{"id":537,"href":"https:\/\/www.culturalusa.info\/videos\/wp-json\/wp\/v2\/posts\/101\/revisions\/537"}],"wp:featuredmedia":[{"embeddable":true,"href":"https:\/\/www.culturalusa.info\/videos\/wp-json\/wp\/v2\/media\/165"}],"wp:attachment":[{"href":"https:\/\/www.culturalusa.info\/videos\/wp-json\/wp\/v2\/media?parent=101"}],"wp:term":[{"taxonomy":"category","embeddable":true,"href":"https:\/\/www.culturalusa.info\/videos\/wp-json\/wp\/v2\/categories?post=101"},{"taxonomy":"post_tag","embeddable":true,"href":"https:\/\/www.culturalusa.info\/videos\/wp-json\/wp\/v2\/tags?post=101"}],"curies":[{"name":"wp","href":"https:\/\/api.w.org\/{rel}","templated":true}]}}