{"id":112,"date":"2014-04-30T13:32:15","date_gmt":"2014-04-30T13:32:15","guid":{"rendered":"http:\/\/www.culturalusa.info\/videos\/?p=112"},"modified":"2019-11-20T20:23:41","modified_gmt":"2019-11-20T20:23:41","slug":"dani-sordo-rally-de-portugal-2014","status":"publish","type":"post","link":"https:\/\/www.culturalusa.info\/videos\/motores\/dani-sordo-rally-de-portugal-2014\/","title":{"rendered":"Dani Sordo Rally de Portugal 2014"},"content":{"rendered":"<p>Onboard SS 01 Dani Sordo\/ Rally de Portugal 2014.<br \/>\nVodafone Rally de Portugal &#8211; Abril 2014<br \/>\nDani Sordo\/ Marc Marti<br \/>\nSSS LISBOA (3.27km): 2:59.7min.<!--more--><\/p>\n<p><iframe loading=\"lazy\" width=\"100%\" height=\"380\" src=\"https:\/\/www.youtube.com\/embed\/4p9wcaJ_GXc\" frameborder=\"0\" allow=\"autoplay; encrypted-media\" allowfullscreen><\/iframe><\/p>\n<p style=\"text-align:center;\"><script type=\"text\/javascript\"><!--\ngoogle_ad_client = \"ca-pub-2727717456356200\";\n\/* CulturaLusa 468x60 *\/\ngoogle_ad_slot = \"2785499263\";\ngoogle_ad_width = 468;\ngoogle_ad_height = 60;\n\/\/-->\n<\/script><br \/>\n<script type=\"text\/javascript\"\nsrc=\"https:\/\/pagead2.googlesyndication.com\/pagead\/show_ads.js\">\n<\/script><\/p>\n  <div class=\"related-post grid\">\r\n      <div class=\"post-list \">\r\n\r\n            <div class=\"item\">\r\n          \r\n  <a class=\"title post_title\"  title=\"Dani Sordo Rally de Portugal 2014\" href=\"https:\/\/www.culturalusa.info\/videos\/motores\/dani-sordo-rally-de-portugal-2014\/?related_post_from=112\">\r\n        Dani Sordo Rally de Portugal 2014  <\/a>\r\n\r\n  <div class=\"thumb post_thumb\">\r\n    <a  title=\"Dani Sordo Rally de Portugal 2014\" href=\"https:\/\/www.culturalusa.info\/videos\/motores\/dani-sordo-rally-de-portugal-2014\/?related_post_from=112\">\r\n\r\n      <img loading=\"lazy\" decoding=\"async\" width=\"690\" height=\"387\" src=\"https:\/\/www.culturalusa.info\/videos\/wp-content\/uploads\/2014\/05\/video-generic.jpg\" class=\"attachment-full size-full wp-post-image\" alt=\"\" srcset=\"https:\/\/www.culturalusa.info\/videos\/wp-content\/uploads\/2014\/05\/video-generic.jpg 690w, https:\/\/www.culturalusa.info\/videos\/wp-content\/uploads\/2014\/05\/video-generic-300x168.jpg 300w\" sizes=\"(max-width: 690px) 100vw, 690px\" \/>\r\n\r\n    <\/a>\r\n  <\/div>\r\n  <p class=\"excerpt post_excerpt\">\r\n    Onboard SS 01 Dani Sordo\/ Rally de Portugal 2014. Vodafone Rally de Portugal - Abril 2014 Dani Sordo\/ Marc Marti <a class=\"read-more\" href=\"https:\/\/www.culturalusa.info\/videos\/motores\/dani-sordo-rally-de-portugal-2014\/?related_post_from=112\"> Read more<\/a>  <\/p>\r\n        <\/div>\r\n              <div class=\"item\">\r\n          \r\n  <a class=\"title post_title\"  title=\"Sebastien Ogier Rally de Portugal 2014\" href=\"https:\/\/www.culturalusa.info\/videos\/motores\/sebastien-ogier-rally-de-portugal-2014\/?related_post_from=39\">\r\n        Sebastien Ogier Rally de Portugal 2014  <\/a>\r\n\r\n  <div class=\"thumb post_thumb\">\r\n    <a  title=\"Sebastien Ogier Rally de Portugal 2014\" href=\"https:\/\/www.culturalusa.info\/videos\/motores\/sebastien-ogier-rally-de-portugal-2014\/?related_post_from=39\">\r\n\r\n      <img loading=\"lazy\" decoding=\"async\" width=\"600\" height=\"360\" src=\"https:\/\/www.culturalusa.info\/videos\/wp-content\/uploads\/2014\/05\/rally-portugal2014.jpg\" class=\"attachment-full size-full wp-post-image\" alt=\"\" srcset=\"https:\/\/www.culturalusa.info\/videos\/wp-content\/uploads\/2014\/05\/rally-portugal2014.jpg 600w, https:\/\/www.culturalusa.info\/videos\/wp-content\/uploads\/2014\/05\/rally-portugal2014-300x180.jpg 300w\" sizes=\"(max-width: 600px) 100vw, 600px\" \/>\r\n\r\n    <\/a>\r\n  <\/div>\r\n  <p class=\"excerpt post_excerpt\">\r\n    Sebastien Ogier Onboard SS16 Portugal Sebastien Ogier \/ Julien Ingrassia (Volkswagen Motorsport), Vodafone Rally de Portugal 2014 Onboard SS16 Loul\u00e9 <a class=\"read-more\" href=\"https:\/\/www.culturalusa.info\/videos\/motores\/sebastien-ogier-rally-de-portugal-2014\/?related_post_from=39\"> Read more<\/a>  <\/p>\r\n        <\/div>\r\n              <div class=\"item\">\r\n          \r\n  <a class=\"title post_title\"  title=\"Review Vodafone Rally de Portugal 2014\" href=\"https:\/\/www.culturalusa.info\/videos\/motores\/review-vodafone-rally-de-portugal-2014\/?related_post_from=42\">\r\n        Review Vodafone Rally de Portugal 2014  <\/a>\r\n\r\n  <div class=\"thumb post_thumb\">\r\n    <a  title=\"Review Vodafone Rally de Portugal 2014\" href=\"https:\/\/www.culturalusa.info\/videos\/motores\/review-vodafone-rally-de-portugal-2014\/?related_post_from=42\">\r\n\r\n      <img loading=\"lazy\" decoding=\"async\" width=\"600\" height=\"350\" src=\"https:\/\/www.culturalusa.info\/videos\/wp-content\/uploads\/2014\/05\/rally-portugal2-2014.jpg\" class=\"attachment-full size-full wp-post-image\" alt=\"\" srcset=\"https:\/\/www.culturalusa.info\/videos\/wp-content\/uploads\/2014\/05\/rally-portugal2-2014.jpg 600w, https:\/\/www.culturalusa.info\/videos\/wp-content\/uploads\/2014\/05\/rally-portugal2-2014-300x175.jpg 300w\" sizes=\"(max-width: 600px) 100vw, 600px\" \/>\r\n\r\n    <\/a>\r\n  <\/div>\r\n  <p class=\"excerpt post_excerpt\">\r\n    Review: Vodafone Rally de Portugal 2014 FIA World Rally Championship, Vodafone Rally de Portugal 2014 Review Clip. 1. S\u00e9bastien Ogier\/ <a class=\"read-more\" href=\"https:\/\/www.culturalusa.info\/videos\/motores\/review-vodafone-rally-de-portugal-2014\/?related_post_from=42\"> Read more<\/a>  <\/p>\r\n        <\/div>\r\n              <div class=\"item\">\r\n          \r\n  <a class=\"title post_title\"  title=\"As corridas de autom\u00f3veis nas estradas publicas\" href=\"https:\/\/www.culturalusa.info\/videos\/motores\/as-corridas-de-automoveis-nas-estradas-publicas\/?related_post_from=129\">\r\n        As corridas de autom\u00f3veis nas estradas publicas  <\/a>\r\n\r\n  <div class=\"thumb post_thumb\">\r\n    <a  title=\"As corridas de autom\u00f3veis nas estradas publicas\" href=\"https:\/\/www.culturalusa.info\/videos\/motores\/as-corridas-de-automoveis-nas-estradas-publicas\/?related_post_from=129\">\r\n\r\n      <img loading=\"lazy\" decoding=\"async\" width=\"600\" height=\"350\" src=\"https:\/\/www.culturalusa.info\/videos\/wp-content\/uploads\/2014\/07\/audi-r8-spyder.jpg\" class=\"attachment-full size-full wp-post-image\" alt=\"\" srcset=\"https:\/\/www.culturalusa.info\/videos\/wp-content\/uploads\/2014\/07\/audi-r8-spyder.jpg 600w, https:\/\/www.culturalusa.info\/videos\/wp-content\/uploads\/2014\/07\/audi-r8-spyder-300x175.jpg 300w\" sizes=\"(max-width: 600px) 100vw, 600px\" \/>\r\n\r\n    <\/a>\r\n  <\/div>\r\n  <p class=\"excerpt post_excerpt\">\r\n    Esta \u00e9 uma vis\u00e3o incr\u00edvel de um acidente de carro que acontece em alta velocidade. As corridas de ruas por <a class=\"read-more\" href=\"https:\/\/www.culturalusa.info\/videos\/motores\/as-corridas-de-automoveis-nas-estradas-publicas\/?related_post_from=129\"> Read more<\/a>  <\/p>\r\n        <\/div>\r\n      \r\n  <\/div>\r\n\r\n  <script>\r\n      <\/script>\r\n  <style>\r\n    .related-post {}\r\n\r\n    .related-post .post-list {\r\n      text-align: left;\r\n          }\r\n\r\n    .related-post .post-list .item {\r\n      margin: 10px;\r\n      padding: 0px;\r\n          }\r\n\r\n    .related-post .headline {\r\n      font-size: 18px !important;\r\n      color: #999999 !important;\r\n          }\r\n\r\n    .related-post .post-list .item .post_title {\r\n      font-size: 16px;\r\n      color: #3f3f3f;\r\n      margin: 10px 0px;\r\n      padding: 0px;\r\n      display: block;\r\n      text-decoration: none;\r\n          }\r\n\r\n    .related-post .post-list .item .post_thumb {\r\n      max-height: 220px;\r\n      margin: 10px 0px;\r\n      padding: 0px;\r\n      display: block;\r\n          }\r\n\r\n    .related-post .post-list .item .post_excerpt {\r\n      font-size: 13px;\r\n      color: #3f3f3f;\r\n      margin: 10px 0px;\r\n      padding: 0px;\r\n      display: block;\r\n      text-decoration: none;\r\n          }\r\n\r\n    @media only screen and (min-width: 1024px) {\r\n      .related-post .post-list .item {\r\n        width: 45%;\r\n      }\r\n    }\r\n\r\n    @media only screen and (min-width: 768px) and (max-width: 1023px) {\r\n      .related-post .post-list .item {\r\n        width: 90%;\r\n      }\r\n    }\r\n\r\n    @media only screen and (min-width: 0px) and (max-width: 767px) {\r\n      .related-post .post-list .item {\r\n        width: 90%;\r\n      }\r\n    }\r\n\r\n      <\/style>\r\n    <\/div>\r\n","protected":false},"excerpt":{"rendered":"<p>Onboard SS 01 Dani Sordo\/ Rally de Portugal 2014. Vodafone Rally de Portugal &#8211; Abril 2014 Dani Sordo\/ Marc Marti SSS LISBOA (3.27km): 2:59.7min. Dani Sordo Rally de Portugal 2014 Onboard SS 01 Dani Sordo\/ Rally de Portugal 2014. Vodafone Rally de Portugal &#8211; Abril 2014 Dani Sordo\/ Marc Marti Read more Sebastien Ogier Rally [&hellip;]<\/p>\n","protected":false},"author":1,"featured_media":534,"comment_status":"open","ping_status":"closed","sticky":false,"template":"","format":"standard","meta":{"footnotes":""},"categories":[8],"tags":[44,85],"class_list":["post-112","post","type-post","status-publish","format-standard","has-post-thumbnail","hentry","category-motores","tag-dani-sordo","tag-rally-de-portugal-2014"],"aioseo_notices":[],"_links":{"self":[{"href":"https:\/\/www.culturalusa.info\/videos\/wp-json\/wp\/v2\/posts\/112"}],"collection":[{"href":"https:\/\/www.culturalusa.info\/videos\/wp-json\/wp\/v2\/posts"}],"about":[{"href":"https:\/\/www.culturalusa.info\/videos\/wp-json\/wp\/v2\/types\/post"}],"author":[{"embeddable":true,"href":"https:\/\/www.culturalusa.info\/videos\/wp-json\/wp\/v2\/users\/1"}],"replies":[{"embeddable":true,"href":"https:\/\/www.culturalusa.info\/videos\/wp-json\/wp\/v2\/comments?post=112"}],"version-history":[{"count":4,"href":"https:\/\/www.culturalusa.info\/videos\/wp-json\/wp\/v2\/posts\/112\/revisions"}],"predecessor-version":[{"id":443,"href":"https:\/\/www.culturalusa.info\/videos\/wp-json\/wp\/v2\/posts\/112\/revisions\/443"}],"wp:featuredmedia":[{"embeddable":true,"href":"https:\/\/www.culturalusa.info\/videos\/wp-json\/wp\/v2\/media\/534"}],"wp:attachment":[{"href":"https:\/\/www.culturalusa.info\/videos\/wp-json\/wp\/v2\/media?parent=112"}],"wp:term":[{"taxonomy":"category","embeddable":true,"href":"https:\/\/www.culturalusa.info\/videos\/wp-json\/wp\/v2\/categories?post=112"},{"taxonomy":"post_tag","embeddable":true,"href":"https:\/\/www.culturalusa.info\/videos\/wp-json\/wp\/v2\/tags?post=112"}],"curies":[{"name":"wp","href":"https:\/\/api.w.org\/{rel}","templated":true}]}}