{"id":114,"date":"2014-05-03T13:50:27","date_gmt":"2014-05-03T13:50:27","guid":{"rendered":"http:\/\/www.culturalusa.info\/videos\/?p=114"},"modified":"2021-11-27T16:59:04","modified_gmt":"2021-11-27T16:59:04","slug":"gnr-popless","status":"publish","type":"post","link":"https:\/\/www.culturalusa.info\/videos\/musica\/gnr-popless\/","title":{"rendered":"GNR &#8211; Popless"},"content":{"rendered":"<p>(Actualiza\u00e7\u00e3o 27-11-2021)  Os <strong>GNR<\/strong> s\u00e3o uma banda de pop rock portugu\u00eas formada no Porto em 1981.<\/p>\n<p>Actualmente a banda \u00e9 formada por <strong>Rui Reininho<\/strong> (voz), Toli C\u00e9sar Machado (guitarra e teclas), Jorge Rom\u00e3o (baixo), Samuel Palitos (Bateria), Tiago Maia (Guitarra) e Paulo Borges (Teclas).<\/p>\n<p>Os GNR banda criada em 1981, por Alexandre Soares (voz e guitarra), Vitor Rua (guitarra) e Toli C\u00e9sar Machado (bateria).<!--more--><\/p>\n<p>Foram uma das bandas resultantes do chamado Boom do Rock Portugu\u00eas do in\u00edcio da d\u00e9cada de 80.<\/p>\n<p><iframe loading=\"lazy\" width=\"100%\" height=\"380\" src=\"https:\/\/www.youtube.com\/embed\/HfcClUVonH8\" frameborder=\"0\" allow=\"autoplay; encrypted-media\" allowfullscreen><\/iframe><\/p>\n<p><strong>Discografia GNR<\/strong><\/p>\n<div style=\"float:right;\">Comprar \u00e1lbuns do GNR<br \/><a title=\"Comprar \u00e1lbuns do GNR\" href=\"https:\/\/www.amazon.fr\/GNR\/e\/B001LHHLOE?ie=UTF8&#038;tag=musica7-21\"><img decoding=\"async\" style=\"float:right; width:218px;\" src=\"https:\/\/images-eu.ssl-images-amazon.com\/images\/I\/516kPoQU35L._SS135_SL160_.jpg\" alt=\"\"><\/a><\/div>\n<p>\u00c1lbuns de est\u00fadio :<\/p>\n<p>    Independan\u00e7a (1982)<br \/>\n    Defeitos Especiais (1984)<br \/>\n    Os Homens N\u00e3o Se Querem Bonitos (1985)<br \/>\n    Psicop\u00e1tria (1986)<br \/>\n    Valsa dos Detectives (1989)<br \/>\n    Rock In Rio Douro (1992)<br \/>\n    Sob Escuta (1994)<br \/>\n    Mosquito (1998)<br \/>\n    Popless (2000)<br \/>\n    Do Lado dos Cisnes (2002)<br \/>\n    Retropolitana (2010)<br \/>\n    Caixa Negra (2015)<\/p>\n<p><iframe loading=\"lazy\" width=\"100%\" height=\"380\" src=\"https:\/\/www.youtube.com\/embed\/videoseries?list=PL6A04CEA3991AB279\" frameborder=\"0\" allow=\"accelerometer; autoplay; encrypted-media; gyroscope; picture-in-picture\" allowfullscreen><\/iframe><\/p>\n<p>O estilo musical foi classificado no in\u00edcio da carreira como p\u00f3s punk, patente nos singles &#8220;Portugal na CEE&#8221; e &#8220;S\u00ea Um GNR&#8221;, ambos de 1981, em que tiveram uma orienta\u00e7\u00e3o amplamente provocadora e com um bom volume de vendas. <\/p>\n<p>Com a entrada de Rui Reininho, em 1981, a escrita das can\u00e7\u00f5es come\u00e7ou a conter um refinado humor e sarcasmo, complementadas por composi\u00e7\u00f5es engenhosamente mirabolantes, que passaram a ser a imagem de marca da banda. Posteriormente exploraram vertentes de m\u00fasica experimental e pop de vanguarda no primeiro \u00e1lbum, Independan\u00e7a (1982), que resultou num fracasso nas vendas mas com rasgados elogios da cr\u00edtica musical.<br \/>\n<a title=\"Comprar \u00e1lbuns do GNR\" href=\"https:\/\/www.amazon.fr\/GNR\/e\/B001LHHLOE?ie=UTF8&#038;tag=musica7-21\"><img decoding=\"async\" style=\"float:right; width:218px; margin-left:10px;\" src=\"https:\/\/images-eu.ssl-images-amazon.com\/images\/I\/51qfIP7TErL._SS135_SL160_.jpg\" alt=\"\"><\/a><br \/>\nAp\u00f3s algumas mudan\u00e7as no seio da forma\u00e7\u00e3o, seguiram uma tend\u00eancia maioritariamente pop rock, fruto da mir\u00edfica e distinta cria\u00e7\u00e3o musical de T\u00f3li C\u00e9sar Machado, com destaque para os trabalhos Psicop\u00e1tria e Valsa dos Detectives de 1986 e 1989, respetivamente, que conquistaram discos de prata, com vendas superiores a 15 mil unidades. <\/p>\n<p>No \u00e1lbum In Vivo (1990) ultrapassaram as 60 mil c\u00f3pias vendidas, obtendo a platina, mas foi com Rock in Rio Douro (1992) que atingiram o apogeu da carreira arrecadando quatro discos de platina e a proeza de serem a primeira banda portuguesa a realizar concertos que encheram dois est\u00e1dios de futebol \u2013 Est\u00e1dio Jos\u00e9 Alvalade (1992) e Est\u00e1dio das Antas (1993) \u2013 entre outros memor\u00e1veis concertos nos Coliseus de Lisboa e Porto, Theatro Circo, Pavilh\u00e3o Atl\u00e2ntico e Casa da M\u00fasica. <\/p>\n<p>Os temas que consagraram a banda foram &#8220;Portugal na CEE&#8221;, &#8220;Dunas&#8221;, &#8220;Efectivamente&#8221;, &#8220;V\u00eddeo Maria&#8221;, &#8220;Morte ao Sol&#8221;, &#8220;Sangue Oculto&#8221;, &#8220;Pron\u00fancia do Norte&#8221; e &#8220;+ Vale Nunca&#8221;, entre outros, inclu\u00eddos no repert\u00f3rio habitual dos concertos. <a href=\"https:\/\/pt.wikipedia.org\/wiki\/GNR_(banda)\" rel=\"noopener noreferrer\" target=\"_blank\">Saber mais sobre a banda GNR ><\/a><\/p>\n<p><a href=\"https:\/\/www.amazon.fr\/GNR\/e\/B001LHHLOE?ie=UTF8&#038;tag=musica7-21\"><img loading=\"lazy\" decoding=\"async\" src=\"https:\/\/www.culturalusa.info\/videos\/wp-content\/uploads\/2015\/03\/comprar-musica-online.jpg\" alt=\"\" width=\"720\" height=\"88\" class=\"aligncenter size-full wp-image-552\" srcset=\"https:\/\/www.culturalusa.info\/videos\/wp-content\/uploads\/2015\/03\/comprar-musica-online.jpg 720w, https:\/\/www.culturalusa.info\/videos\/wp-content\/uploads\/2015\/03\/comprar-musica-online-300x37.jpg 300w\" sizes=\"(max-width: 720px) 100vw, 720px\" \/><\/a><\/p>\n<p>[youtube_stream id=&#8221;14&#8243;]<\/p>\n  <div class=\"related-post grid\">\r\n      <div class=\"post-list \">\r\n\r\n            <div class=\"item\">\r\n          \r\n  <a class=\"title post_title\"  title=\"Madredeus &#8211; Ao Longe o Mar\" href=\"https:\/\/www.culturalusa.info\/videos\/musica\/madredeus-ao-longe-o-mar\/?related_post_from=1\">\r\n        Madredeus &#8211; Ao Longe o Mar  <\/a>\r\n\r\n  <div class=\"thumb post_thumb\">\r\n    <a  title=\"Madredeus &#8211; Ao Longe o Mar\" href=\"https:\/\/www.culturalusa.info\/videos\/musica\/madredeus-ao-longe-o-mar\/?related_post_from=1\">\r\n\r\n      <img loading=\"lazy\" decoding=\"async\" width=\"690\" height=\"410\" src=\"https:\/\/www.culturalusa.info\/videos\/wp-content\/uploads\/2014\/04\/madredeus-teresa_salgueiro.jpg\" class=\"attachment-full size-full wp-post-image\" alt=\"\" srcset=\"https:\/\/www.culturalusa.info\/videos\/wp-content\/uploads\/2014\/04\/madredeus-teresa_salgueiro.jpg 690w, https:\/\/www.culturalusa.info\/videos\/wp-content\/uploads\/2014\/04\/madredeus-teresa_salgueiro-300x178.jpg 300w\" sizes=\"(max-width: 690px) 100vw, 690px\" \/>\r\n\r\n    <\/a>\r\n  <\/div>\r\n  <p class=\"excerpt post_excerpt\">\r\n    (Actualiza\u00e7\u00e3o 19-11-2019) Os elementos fundadores do grupo Madredeus foram: Pedro Ayres Magalh\u00e3es (guitarra cl\u00e1ssica), Rodrigo Le\u00e3o (teclados), Francisco Ribeiro (violoncelo) <a class=\"read-more\" href=\"https:\/\/www.culturalusa.info\/videos\/musica\/madredeus-ao-longe-o-mar\/?related_post_from=1\"> Read more<\/a>  <\/p>\r\n        <\/div>\r\n              <div class=\"item\">\r\n          \r\n  <a class=\"title post_title\"  title=\"Madredeus &#8211; O Pastor\" href=\"https:\/\/www.culturalusa.info\/videos\/musica\/madredeus-o-pastor\/?related_post_from=7\">\r\n        Madredeus &#8211; O Pastor  <\/a>\r\n\r\n  <div class=\"thumb post_thumb\">\r\n    <a  title=\"Madredeus &#8211; O Pastor\" href=\"https:\/\/www.culturalusa.info\/videos\/musica\/madredeus-o-pastor\/?related_post_from=7\">\r\n\r\n      <img loading=\"lazy\" decoding=\"async\" width=\"670\" height=\"412\" src=\"https:\/\/www.culturalusa.info\/videos\/wp-content\/uploads\/2014\/04\/madredeus.jpg\" class=\"attachment-full size-full wp-post-image\" alt=\"\" srcset=\"https:\/\/www.culturalusa.info\/videos\/wp-content\/uploads\/2014\/04\/madredeus.jpg 670w, https:\/\/www.culturalusa.info\/videos\/wp-content\/uploads\/2014\/04\/madredeus-300x184.jpg 300w\" sizes=\"(max-width: 670px) 100vw, 670px\" \/>\r\n\r\n    <\/a>\r\n  <\/div>\r\n  <p class=\"excerpt post_excerpt\">\r\n    (Actualiza\u00e7\u00e3o 19-11-2019) Music video by Teresa Salgueiro - Madredeus performing O Pastor. Os Madredeus s\u00e3o um dos grupos musicais portugueses <a class=\"read-more\" href=\"https:\/\/www.culturalusa.info\/videos\/musica\/madredeus-o-pastor\/?related_post_from=7\"> Read more<\/a>  <\/p>\r\n        <\/div>\r\n              <div class=\"item\">\r\n          \r\n  <a class=\"title post_title\"  title=\"GNR &#8211; Popless\" href=\"https:\/\/www.culturalusa.info\/videos\/musica\/gnr-popless\/?related_post_from=114\">\r\n        GNR &#8211; Popless  <\/a>\r\n\r\n  <div class=\"thumb post_thumb\">\r\n    <a  title=\"GNR &#8211; Popless\" href=\"https:\/\/www.culturalusa.info\/videos\/musica\/gnr-popless\/?related_post_from=114\">\r\n\r\n      <img loading=\"lazy\" decoding=\"async\" width=\"650\" height=\"372\" src=\"https:\/\/www.culturalusa.info\/videos\/wp-content\/uploads\/2014\/05\/GNR_musica.jpg\" class=\"attachment-full size-full wp-post-image\" alt=\"\" srcset=\"https:\/\/www.culturalusa.info\/videos\/wp-content\/uploads\/2014\/05\/GNR_musica.jpg 650w, https:\/\/www.culturalusa.info\/videos\/wp-content\/uploads\/2014\/05\/GNR_musica-300x172.jpg 300w\" sizes=\"(max-width: 650px) 100vw, 650px\" \/>\r\n\r\n    <\/a>\r\n  <\/div>\r\n  <p class=\"excerpt post_excerpt\">\r\n    (Actualiza\u00e7\u00e3o 27-11-2021) Os GNR s\u00e3o uma banda de pop rock portugu\u00eas formada no Porto em 1981. Actualmente a banda \u00e9 <a class=\"read-more\" href=\"https:\/\/www.culturalusa.info\/videos\/musica\/gnr-popless\/?related_post_from=114\"> Read more<\/a>  <\/p>\r\n        <\/div>\r\n      \r\n  <\/div>\r\n\r\n  <script>\r\n      <\/script>\r\n  <style>\r\n    .related-post {}\r\n\r\n    .related-post .post-list {\r\n      text-align: left;\r\n          }\r\n\r\n    .related-post .post-list .item {\r\n      margin: 10px;\r\n      padding: 0px;\r\n          }\r\n\r\n    .related-post .headline {\r\n      font-size: 18px !important;\r\n      color: #999999 !important;\r\n          }\r\n\r\n    .related-post .post-list .item .post_title {\r\n      font-size: 16px;\r\n      color: #3f3f3f;\r\n      margin: 10px 0px;\r\n      padding: 0px;\r\n      display: block;\r\n      text-decoration: none;\r\n          }\r\n\r\n    .related-post .post-list .item .post_thumb {\r\n      max-height: 220px;\r\n      margin: 10px 0px;\r\n      padding: 0px;\r\n      display: block;\r\n          }\r\n\r\n    .related-post .post-list .item .post_excerpt {\r\n      font-size: 13px;\r\n      color: #3f3f3f;\r\n      margin: 10px 0px;\r\n      padding: 0px;\r\n      display: block;\r\n      text-decoration: none;\r\n          }\r\n\r\n    @media only screen and (min-width: 1024px) {\r\n      .related-post .post-list .item {\r\n        width: 45%;\r\n      }\r\n    }\r\n\r\n    @media only screen and (min-width: 768px) and (max-width: 1023px) {\r\n      .related-post .post-list .item {\r\n        width: 90%;\r\n      }\r\n    }\r\n\r\n    @media only screen and (min-width: 0px) and (max-width: 767px) {\r\n      .related-post .post-list .item {\r\n        width: 90%;\r\n      }\r\n    }\r\n\r\n      <\/style>\r\n    <\/div>\r\n","protected":false},"excerpt":{"rendered":"<p>(Actualiza\u00e7\u00e3o 27-11-2021) Os GNR s\u00e3o uma banda de pop rock portugu\u00eas formada no Porto em 1981. Actualmente a banda \u00e9 formada por Rui Reininho (voz), Toli C\u00e9sar Machado (guitarra e teclas), Jorge Rom\u00e3o (baixo), Samuel Palitos (Bateria), Tiago Maia (Guitarra) e Paulo Borges (Teclas). Os GNR banda criada em 1981, por Alexandre Soares (voz e [&hellip;]<\/p>\n","protected":false},"author":1,"featured_media":427,"comment_status":"open","ping_status":"closed","sticky":false,"template":"","format":"standard","meta":{"footnotes":""},"categories":[2],"tags":[45,98,46,47],"class_list":["post-114","post","type-post","status-publish","format-standard","has-post-thumbnail","hentry","category-musica","tag-gnr","tag-musica","tag-popless","tag-rui-reininho"],"aioseo_notices":[],"_links":{"self":[{"href":"https:\/\/www.culturalusa.info\/videos\/wp-json\/wp\/v2\/posts\/114"}],"collection":[{"href":"https:\/\/www.culturalusa.info\/videos\/wp-json\/wp\/v2\/posts"}],"about":[{"href":"https:\/\/www.culturalusa.info\/videos\/wp-json\/wp\/v2\/types\/post"}],"author":[{"embeddable":true,"href":"https:\/\/www.culturalusa.info\/videos\/wp-json\/wp\/v2\/users\/1"}],"replies":[{"embeddable":true,"href":"https:\/\/www.culturalusa.info\/videos\/wp-json\/wp\/v2\/comments?post=114"}],"version-history":[{"count":17,"href":"https:\/\/www.culturalusa.info\/videos\/wp-json\/wp\/v2\/posts\/114\/revisions"}],"predecessor-version":[{"id":662,"href":"https:\/\/www.culturalusa.info\/videos\/wp-json\/wp\/v2\/posts\/114\/revisions\/662"}],"wp:featuredmedia":[{"embeddable":true,"href":"https:\/\/www.culturalusa.info\/videos\/wp-json\/wp\/v2\/media\/427"}],"wp:attachment":[{"href":"https:\/\/www.culturalusa.info\/videos\/wp-json\/wp\/v2\/media?parent=114"}],"wp:term":[{"taxonomy":"category","embeddable":true,"href":"https:\/\/www.culturalusa.info\/videos\/wp-json\/wp\/v2\/categories?post=114"},{"taxonomy":"post_tag","embeddable":true,"href":"https:\/\/www.culturalusa.info\/videos\/wp-json\/wp\/v2\/tags?post=114"}],"curies":[{"name":"wp","href":"https:\/\/api.w.org\/{rel}","templated":true}]}}