{"id":343,"date":"2019-03-16T21:12:47","date_gmt":"2019-03-16T21:12:47","guid":{"rendered":"http:\/\/www.culturalusa.info\/videos\/?p=343"},"modified":"2022-09-06T19:46:21","modified_gmt":"2022-09-06T19:46:21","slug":"porto-patrimonio-mundial-da-unesco","status":"publish","type":"post","link":"https:\/\/www.culturalusa.info\/videos\/viagens\/porto-patrimonio-mundial-da-unesco\/","title":{"rendered":"Porto : patrim\u00f3nio mundial da UNESCO"},"content":{"rendered":"<p><strong>Porto<\/strong>, segunda maior cidade de Portugal, situada no noroeste do pa\u00eds e capital da \u00c1rea Metropolitana do Porto e \u00e1rea metropolitana, da regi\u00e3o Norte e do Distrito do Porto.<br \/>\nA fabulosa arquitetura (antiga e moderna), as impressionantes pontes e o centro hist\u00f3rico<!--more--> Patrim\u00f3nio Mundial da UNESCO s\u00e3o motivos mais que suficientes para uma visita ao Porto, que est\u00e1 na lista dos melhores 46 s\u00edtios a visitar (NY Times).<\/p>\n<p>Uma das melhores maneiras de conhecer esta fabulosa cozinha \u00e9 mergulhar diretamente. <\/p>\n<p>Escolha um restaurante ao longo das margens do Rio Douro e desfrute da cultura gastron\u00f3mica ao ar livre da cidade. Bacalhau e polvo acabado de assar combinam perfeitamente com um copo de vinho branco seco \u2013 mas a estrela da cozinha portuguesa \u00e9 o vinho tinto doce original.<\/p>\n<p><strong>Visitar Porto<\/strong> : <a href=\"https:\/\/www.culturalusa.net\/news\/visitar-porto\/\" rel=\"noopener noreferrer\" target=\"_blank\"><strong>SABER Mais \u00bb<\/strong><\/a><\/p>\n<p><iframe loading=\"lazy\" width=\"100%\" height=\"370\" src=\"https:\/\/www.youtube.com\/embed\/V-bPXQUqJGw\" frameborder=\"0\" allow=\"accelerometer; autoplay; encrypted-media; gyroscope; picture-in-picture\" allowfullscreen><\/iframe><\/p>\n  <div class=\"related-post grid\">\r\n      <div class=\"post-list \">\r\n\r\n            <div class=\"item\">\r\n          \r\n  <a class=\"title post_title\"  title=\"Viagens pela Amaz\u00f4nia &#8211; \u00cdndios Korubo\" href=\"https:\/\/www.culturalusa.info\/videos\/viagens\/viagens-pela-amazonia-indios-korubo\/?related_post_from=16\">\r\n        Viagens pela Amaz\u00f4nia &#8211; \u00cdndios Korubo  <\/a>\r\n\r\n  <div class=\"thumb post_thumb\">\r\n    <a  title=\"Viagens pela Amaz\u00f4nia &#8211; \u00cdndios Korubo\" href=\"https:\/\/www.culturalusa.info\/videos\/viagens\/viagens-pela-amazonia-indios-korubo\/?related_post_from=16\">\r\n\r\n      <img loading=\"lazy\" decoding=\"async\" width=\"600\" height=\"365\" src=\"https:\/\/www.culturalusa.info\/videos\/wp-content\/uploads\/2014\/05\/Amazonia.jpg\" class=\"attachment-full size-full wp-post-image\" alt=\"\" srcset=\"https:\/\/www.culturalusa.info\/videos\/wp-content\/uploads\/2014\/05\/Amazonia.jpg 600w, https:\/\/www.culturalusa.info\/videos\/wp-content\/uploads\/2014\/05\/Amazonia-300x183.jpg 300w\" sizes=\"(max-width: 600px) 100vw, 600px\" \/>\r\n\r\n    <\/a>\r\n  <\/div>\r\n  <p class=\"excerpt post_excerpt\">\r\n    (atualiza\u00e7\u00e3o 16\/03\/2019) Viagens pela Amaz\u00f4nia mostra no Vale Javari, os \u00edndios Korubos que vivem isolados na Floresta Amaz\u00f4nica. Amaz\u00f4nia ou <a class=\"read-more\" href=\"https:\/\/www.culturalusa.info\/videos\/viagens\/viagens-pela-amazonia-indios-korubo\/?related_post_from=16\"> Read more<\/a>  <\/p>\r\n        <\/div>\r\n              <div class=\"item\">\r\n          \r\n  <a class=\"title post_title\"  title=\"As incr\u00edveis ilhas Seychelles\" href=\"https:\/\/www.culturalusa.info\/videos\/viagens\/as-incriveis-ilhas-seychelles\/?related_post_from=78\">\r\n        As incr\u00edveis ilhas Seychelles  <\/a>\r\n\r\n  <div class=\"thumb post_thumb\">\r\n    <a  title=\"As incr\u00edveis ilhas Seychelles\" href=\"https:\/\/www.culturalusa.info\/videos\/viagens\/as-incriveis-ilhas-seychelles\/?related_post_from=78\">\r\n\r\n      <img loading=\"lazy\" decoding=\"async\" width=\"600\" height=\"360\" src=\"https:\/\/www.culturalusa.info\/videos\/wp-content\/uploads\/2014\/05\/Ilhas-Seychelles.jpg\" class=\"attachment-full size-full wp-post-image\" alt=\"\" srcset=\"https:\/\/www.culturalusa.info\/videos\/wp-content\/uploads\/2014\/05\/Ilhas-Seychelles.jpg 600w, https:\/\/www.culturalusa.info\/videos\/wp-content\/uploads\/2014\/05\/Ilhas-Seychelles-300x180.jpg 300w\" sizes=\"(max-width: 600px) 100vw, 600px\" \/>\r\n\r\n    <\/a>\r\n  <\/div>\r\n  <p class=\"excerpt post_excerpt\">\r\n    (atualiza\u00e7\u00e3o 16\/03\/2019) The amazing Seychelles Islands. As Seicheles ou Seychelles, oficialmente Rep\u00fablica das Seicheles ou Seychelles, s\u00e3o um pa\u00eds insular <a class=\"read-more\" href=\"https:\/\/www.culturalusa.info\/videos\/viagens\/as-incriveis-ilhas-seychelles\/?related_post_from=78\"> Read more<\/a>  <\/p>\r\n        <\/div>\r\n              <div class=\"item\">\r\n          \r\n  <a class=\"title post_title\"  title=\"Algarve o segredo mais famoso da Europa\" href=\"https:\/\/www.culturalusa.info\/videos\/viagens\/algarve-o-segredo-mais-famoso-da-europa\/?related_post_from=94\">\r\n        Algarve o segredo mais famoso da Europa  <\/a>\r\n\r\n  <div class=\"thumb post_thumb\">\r\n    <a  title=\"Algarve o segredo mais famoso da Europa\" href=\"https:\/\/www.culturalusa.info\/videos\/viagens\/algarve-o-segredo-mais-famoso-da-europa\/?related_post_from=94\">\r\n\r\n      <img loading=\"lazy\" decoding=\"async\" width=\"615\" height=\"372\" src=\"https:\/\/www.culturalusa.info\/videos\/wp-content\/uploads\/2014\/05\/algarve-portugal.jpg\" class=\"attachment-full size-full wp-post-image\" alt=\"\" srcset=\"https:\/\/www.culturalusa.info\/videos\/wp-content\/uploads\/2014\/05\/algarve-portugal.jpg 615w, https:\/\/www.culturalusa.info\/videos\/wp-content\/uploads\/2014\/05\/algarve-portugal-300x181.jpg 300w\" sizes=\"(max-width: 615px) 100vw, 615px\" \/>\r\n\r\n    <\/a>\r\n  <\/div>\r\n  <p class=\"excerpt post_excerpt\">\r\n    (atualiza\u00e7\u00e3o 16\/03\/2019) O Algarve \u00e9 um dos segredos mais bem guardados e um dos melhores destinos da Europa. Algarve pela <a class=\"read-more\" href=\"https:\/\/www.culturalusa.info\/videos\/viagens\/algarve-o-segredo-mais-famoso-da-europa\/?related_post_from=94\"> Read more<\/a>  <\/p>\r\n        <\/div>\r\n              <div class=\"item\">\r\n          \r\n  <a class=\"title post_title\"  title=\"Porto : patrim\u00f3nio mundial da UNESCO\" href=\"https:\/\/www.culturalusa.info\/videos\/viagens\/porto-patrimonio-mundial-da-unesco\/?related_post_from=343\">\r\n        Porto : patrim\u00f3nio mundial da UNESCO  <\/a>\r\n\r\n  <div class=\"thumb post_thumb\">\r\n    <a  title=\"Porto : patrim\u00f3nio mundial da UNESCO\" href=\"https:\/\/www.culturalusa.info\/videos\/viagens\/porto-patrimonio-mundial-da-unesco\/?related_post_from=343\">\r\n\r\n      <img loading=\"lazy\" decoding=\"async\" width=\"600\" height=\"365\" src=\"https:\/\/www.culturalusa.info\/videos\/wp-content\/uploads\/2019\/03\/porto-portugal.jpg\" class=\"attachment-full size-full wp-post-image\" alt=\"\" srcset=\"https:\/\/www.culturalusa.info\/videos\/wp-content\/uploads\/2019\/03\/porto-portugal.jpg 600w, https:\/\/www.culturalusa.info\/videos\/wp-content\/uploads\/2019\/03\/porto-portugal-300x183.jpg 300w\" sizes=\"(max-width: 600px) 100vw, 600px\" \/>\r\n\r\n    <\/a>\r\n  <\/div>\r\n  <p class=\"excerpt post_excerpt\">\r\n    Porto, segunda maior cidade de Portugal, situada no noroeste do pa\u00eds e capital da \u00c1rea Metropolitana do Porto e \u00e1rea <a class=\"read-more\" href=\"https:\/\/www.culturalusa.info\/videos\/viagens\/porto-patrimonio-mundial-da-unesco\/?related_post_from=343\"> Read more<\/a>  <\/p>\r\n        <\/div>\r\n      \r\n  <\/div>\r\n\r\n  <script>\r\n      <\/script>\r\n  <style>\r\n    .related-post {}\r\n\r\n    .related-post .post-list {\r\n      text-align: left;\r\n          }\r\n\r\n    .related-post .post-list .item {\r\n      margin: 10px;\r\n      padding: 0px;\r\n          }\r\n\r\n    .related-post .headline {\r\n      font-size: 18px !important;\r\n      color: #999999 !important;\r\n          }\r\n\r\n    .related-post .post-list .item .post_title {\r\n      font-size: 16px;\r\n      color: #3f3f3f;\r\n      margin: 10px 0px;\r\n      padding: 0px;\r\n      display: block;\r\n      text-decoration: none;\r\n          }\r\n\r\n    .related-post .post-list .item .post_thumb {\r\n      max-height: 220px;\r\n      margin: 10px 0px;\r\n      padding: 0px;\r\n      display: block;\r\n          }\r\n\r\n    .related-post .post-list .item .post_excerpt {\r\n      font-size: 13px;\r\n      color: #3f3f3f;\r\n      margin: 10px 0px;\r\n      padding: 0px;\r\n      display: block;\r\n      text-decoration: none;\r\n          }\r\n\r\n    @media only screen and (min-width: 1024px) {\r\n      .related-post .post-list .item {\r\n        width: 45%;\r\n      }\r\n    }\r\n\r\n    @media only screen and (min-width: 768px) and (max-width: 1023px) {\r\n      .related-post .post-list .item {\r\n        width: 90%;\r\n      }\r\n    }\r\n\r\n    @media only screen and (min-width: 0px) and (max-width: 767px) {\r\n      .related-post .post-list .item {\r\n        width: 90%;\r\n      }\r\n    }\r\n\r\n      <\/style>\r\n    <\/div>\r\n","protected":false},"excerpt":{"rendered":"<p>Porto, segunda maior cidade de Portugal, situada no noroeste do pa\u00eds e capital da \u00c1rea Metropolitana do Porto e \u00e1rea metropolitana, da regi\u00e3o Norte e do Distrito do Porto. A fabulosa arquitetura (antiga e moderna), as impressionantes pontes e o centro hist\u00f3rico Viagens pela Amaz\u00f4nia &#8211; \u00cdndios Korubo (atualiza\u00e7\u00e3o 16\/03\/2019) Viagens pela Amaz\u00f4nia mostra no [&hellip;]<\/p>\n","protected":false},"author":1,"featured_media":344,"comment_status":"open","ping_status":"closed","sticky":false,"template":"","format":"standard","meta":{"footnotes":""},"categories":[1],"tags":[74,76,75,96,97],"class_list":["post-343","post","type-post","status-publish","format-standard","has-post-thumbnail","hentry","category-viagens","tag-porto","tag-rio-douro","tag-unesco","tag-viagens","tag-visitar"],"aioseo_notices":[],"_links":{"self":[{"href":"https:\/\/www.culturalusa.info\/videos\/wp-json\/wp\/v2\/posts\/343"}],"collection":[{"href":"https:\/\/www.culturalusa.info\/videos\/wp-json\/wp\/v2\/posts"}],"about":[{"href":"https:\/\/www.culturalusa.info\/videos\/wp-json\/wp\/v2\/types\/post"}],"author":[{"embeddable":true,"href":"https:\/\/www.culturalusa.info\/videos\/wp-json\/wp\/v2\/users\/1"}],"replies":[{"embeddable":true,"href":"https:\/\/www.culturalusa.info\/videos\/wp-json\/wp\/v2\/comments?post=343"}],"version-history":[{"count":4,"href":"https:\/\/www.culturalusa.info\/videos\/wp-json\/wp\/v2\/posts\/343\/revisions"}],"predecessor-version":[{"id":709,"href":"https:\/\/www.culturalusa.info\/videos\/wp-json\/wp\/v2\/posts\/343\/revisions\/709"}],"wp:featuredmedia":[{"embeddable":true,"href":"https:\/\/www.culturalusa.info\/videos\/wp-json\/wp\/v2\/media\/344"}],"wp:attachment":[{"href":"https:\/\/www.culturalusa.info\/videos\/wp-json\/wp\/v2\/media?parent=343"}],"wp:term":[{"taxonomy":"category","embeddable":true,"href":"https:\/\/www.culturalusa.info\/videos\/wp-json\/wp\/v2\/categories?post=343"},{"taxonomy":"post_tag","embeddable":true,"href":"https:\/\/www.culturalusa.info\/videos\/wp-json\/wp\/v2\/tags?post=343"}],"curies":[{"name":"wp","href":"https:\/\/api.w.org\/{rel}","templated":true}]}}