{"id":634,"date":"2021-10-29T17:20:06","date_gmt":"2021-10-29T17:20:06","guid":{"rendered":"https:\/\/www.culturalusa.info\/videos\/?p=634"},"modified":"2021-10-29T17:43:22","modified_gmt":"2021-10-29T17:43:22","slug":"wrc-portugal-2021-vitoria-de-evans-no-wrc-em-prova-dura-para-a-hyundai","status":"publish","type":"post","link":"https:\/\/www.culturalusa.info\/videos\/motores\/wrc-portugal-2021-vitoria-de-evans-no-wrc-em-prova-dura-para-a-hyundai\/","title":{"rendered":"WRC Portugal 2021: Vit\u00f3ria de Evans no WRC em prova dura para a Hyundai"},"content":{"rendered":"<p>Elfyn Evans e Scott Martin, em Toyota Yaris WRC, foram os melhores na edi\u00e7\u00e3o de 2021 da prova do Autom\u00f3vel Club de Portugal pontu\u00e1vel para o <strong>Campeonato do Mundo de Ralis<\/strong> (WRC).<\/p>\n<p>Foi o piloto gal\u00eas quem mais capitalizou no erro de Thierry Neuville\/Martin Wydaeghe, quando lideravam<!--more--> na pen\u00faltima especial da primeira etapa; e no problema t\u00e9cnico de Ott T\u00e4nak\/Martin J\u00e4rveoja (tamb\u00e9m na pen\u00faltima PE, mas da etapa interm\u00e9dia), que for\u00e7aram ambos os pilotos da Hyundai \u00e0 desist\u00eancia.<\/p>\n<p>Uma corrida consistente de Evans que, se beneficiou realmente destes erros e azares, fez tamb\u00e9m uma prova isenta de percal\u00e7os e muito r\u00e1pida, para conquistar a quarta vit\u00f3ria da carreira no \u00abMundial\u00bb e deixar a promessa de que, aos 32 anos, se vai ainda certamente poder contar com ele para futuras contas de t\u00edtulos.<\/p>\n<p>Deixou outra prova do seu valor quando, pressionado pelo mais experiente Dani Sordo, no Hyundai restante, lhe deu o \u00abgolpe de miseric\u00f3rdia\u00bb logo no tro\u00e7o de abertura de domingo. Evans dobrou praticamente a vantagem sobre o espanhol, de 10,7s para 20,3s, fazendo desde logo uma \u00abdeclara\u00e7\u00e3o\u00bb relativamente \u00e0s contas da vit\u00f3ria na prova.<\/p>\n<p>Este triunfo foi ainda uma esp\u00e9cie de reden\u00e7\u00e3o relativamente \u00e0 anterior prova do WRC, o Rali da Cro\u00e1cia, em que um erro na \u00faltima curva da prova o fez desperdi\u00e7ar os 3,9 segundos de vantagem que detinha sobre Ogier, para perder a prova para o franc\u00eas por uns incr\u00edveis quatro d\u00e9cimos!<br \/>\n<a href=\"https:\/\/www.rallydeportugal.pt\/content.aspx?menuid=2&amp;eid=11102\" target=\"_blank\" rel=\"noopener\">Saber mais<\/a><\/p>\n<p><iframe loading=\"lazy\" width=\"100%\" height=\"385\" src=\"https:\/\/www.youtube-nocookie.com\/embed\/QaMyXIkyWmw\" title=\"YouTube video player\" frameborder=\"0\" allow=\"accelerometer; autoplay; clipboard-write; encrypted-media; gyroscope; picture-in-picture\" allowfullscreen><\/iframe><\/p>\n  <div class=\"related-post grid\">\r\n      <div class=\"post-list \">\r\n\r\n            <div class=\"item\">\r\n          \r\n  <a class=\"title post_title\"  title=\"Dani Sordo Rally de Portugal 2014\" href=\"https:\/\/www.culturalusa.info\/videos\/motores\/dani-sordo-rally-de-portugal-2014\/?related_post_from=112\">\r\n        Dani Sordo Rally de Portugal 2014  <\/a>\r\n\r\n  <div class=\"thumb post_thumb\">\r\n    <a  title=\"Dani Sordo Rally de Portugal 2014\" href=\"https:\/\/www.culturalusa.info\/videos\/motores\/dani-sordo-rally-de-portugal-2014\/?related_post_from=112\">\r\n\r\n      <img loading=\"lazy\" decoding=\"async\" width=\"690\" height=\"387\" src=\"https:\/\/www.culturalusa.info\/videos\/wp-content\/uploads\/2014\/05\/video-generic.jpg\" class=\"attachment-full size-full wp-post-image\" alt=\"\" srcset=\"https:\/\/www.culturalusa.info\/videos\/wp-content\/uploads\/2014\/05\/video-generic.jpg 690w, https:\/\/www.culturalusa.info\/videos\/wp-content\/uploads\/2014\/05\/video-generic-300x168.jpg 300w\" sizes=\"(max-width: 690px) 100vw, 690px\" \/>\r\n\r\n    <\/a>\r\n  <\/div>\r\n  <p class=\"excerpt post_excerpt\">\r\n    Onboard SS 01 Dani Sordo\/ Rally de Portugal 2014. Vodafone Rally de Portugal - Abril 2014 Dani Sordo\/ Marc Marti <a class=\"read-more\" href=\"https:\/\/www.culturalusa.info\/videos\/motores\/dani-sordo-rally-de-portugal-2014\/?related_post_from=112\"> Read more<\/a>  <\/p>\r\n        <\/div>\r\n              <div class=\"item\">\r\n          \r\n  <a class=\"title post_title\"  title=\"Sebastien Ogier Rally de Portugal 2014\" href=\"https:\/\/www.culturalusa.info\/videos\/motores\/sebastien-ogier-rally-de-portugal-2014\/?related_post_from=39\">\r\n        Sebastien Ogier Rally de Portugal 2014  <\/a>\r\n\r\n  <div class=\"thumb post_thumb\">\r\n    <a  title=\"Sebastien Ogier Rally de Portugal 2014\" href=\"https:\/\/www.culturalusa.info\/videos\/motores\/sebastien-ogier-rally-de-portugal-2014\/?related_post_from=39\">\r\n\r\n      <img loading=\"lazy\" decoding=\"async\" width=\"600\" height=\"360\" src=\"https:\/\/www.culturalusa.info\/videos\/wp-content\/uploads\/2014\/05\/rally-portugal2014.jpg\" class=\"attachment-full size-full wp-post-image\" alt=\"\" srcset=\"https:\/\/www.culturalusa.info\/videos\/wp-content\/uploads\/2014\/05\/rally-portugal2014.jpg 600w, https:\/\/www.culturalusa.info\/videos\/wp-content\/uploads\/2014\/05\/rally-portugal2014-300x180.jpg 300w\" sizes=\"(max-width: 600px) 100vw, 600px\" \/>\r\n\r\n    <\/a>\r\n  <\/div>\r\n  <p class=\"excerpt post_excerpt\">\r\n    Sebastien Ogier Onboard SS16 Portugal Sebastien Ogier \/ Julien Ingrassia (Volkswagen Motorsport), Vodafone Rally de Portugal 2014 Onboard SS16 Loul\u00e9 <a class=\"read-more\" href=\"https:\/\/www.culturalusa.info\/videos\/motores\/sebastien-ogier-rally-de-portugal-2014\/?related_post_from=39\"> Read more<\/a>  <\/p>\r\n        <\/div>\r\n              <div class=\"item\">\r\n          \r\n  <a class=\"title post_title\"  title=\"Review Vodafone Rally de Portugal 2014\" href=\"https:\/\/www.culturalusa.info\/videos\/motores\/review-vodafone-rally-de-portugal-2014\/?related_post_from=42\">\r\n        Review Vodafone Rally de Portugal 2014  <\/a>\r\n\r\n  <div class=\"thumb post_thumb\">\r\n    <a  title=\"Review Vodafone Rally de Portugal 2014\" href=\"https:\/\/www.culturalusa.info\/videos\/motores\/review-vodafone-rally-de-portugal-2014\/?related_post_from=42\">\r\n\r\n      <img loading=\"lazy\" decoding=\"async\" width=\"600\" height=\"350\" src=\"https:\/\/www.culturalusa.info\/videos\/wp-content\/uploads\/2014\/05\/rally-portugal2-2014.jpg\" class=\"attachment-full size-full wp-post-image\" alt=\"\" srcset=\"https:\/\/www.culturalusa.info\/videos\/wp-content\/uploads\/2014\/05\/rally-portugal2-2014.jpg 600w, https:\/\/www.culturalusa.info\/videos\/wp-content\/uploads\/2014\/05\/rally-portugal2-2014-300x175.jpg 300w\" sizes=\"(max-width: 600px) 100vw, 600px\" \/>\r\n\r\n    <\/a>\r\n  <\/div>\r\n  <p class=\"excerpt post_excerpt\">\r\n    Review: Vodafone Rally de Portugal 2014 FIA World Rally Championship, Vodafone Rally de Portugal 2014 Review Clip. 1. S\u00e9bastien Ogier\/ <a class=\"read-more\" href=\"https:\/\/www.culturalusa.info\/videos\/motores\/review-vodafone-rally-de-portugal-2014\/?related_post_from=42\"> Read more<\/a>  <\/p>\r\n        <\/div>\r\n              <div class=\"item\">\r\n          \r\n  <a class=\"title post_title\"  title=\"Rally de Portugal 2015\" href=\"https:\/\/www.culturalusa.info\/videos\/motores\/rally-de-portugal-2015\/?related_post_from=143\">\r\n        Rally de Portugal 2015  <\/a>\r\n\r\n  <div class=\"thumb post_thumb\">\r\n    <a  title=\"Rally de Portugal 2015\" href=\"https:\/\/www.culturalusa.info\/videos\/motores\/rally-de-portugal-2015\/?related_post_from=143\">\r\n\r\n      <img loading=\"lazy\" decoding=\"async\" width=\"465\" height=\"271\" src=\"https:\/\/www.culturalusa.info\/videos\/wp-content\/uploads\/2015\/12\/rallye-pt-2015.jpg\" class=\"attachment-full size-full wp-post-image\" alt=\"\" srcset=\"https:\/\/www.culturalusa.info\/videos\/wp-content\/uploads\/2015\/12\/rallye-pt-2015.jpg 465w, https:\/\/www.culturalusa.info\/videos\/wp-content\/uploads\/2015\/12\/rallye-pt-2015-300x175.jpg 300w\" sizes=\"(max-width: 465px) 100vw, 465px\" \/>\r\n\r\n    <\/a>\r\n  <\/div>\r\n  <p class=\"excerpt post_excerpt\">\r\n    FIA World Rally Championship - Rally de Portugal 2015 Dani Sordo\/Marc Marti (Hyundai Motorsport) SS16 Powerstage Fafe 2 (adsbygoogle = <a class=\"read-more\" href=\"https:\/\/www.culturalusa.info\/videos\/motores\/rally-de-portugal-2015\/?related_post_from=143\"> Read more<\/a>  <\/p>\r\n        <\/div>\r\n      \r\n  <\/div>\r\n\r\n  <script>\r\n      <\/script>\r\n  <style>\r\n    .related-post {}\r\n\r\n    .related-post .post-list {\r\n      text-align: left;\r\n          }\r\n\r\n    .related-post .post-list .item {\r\n      margin: 10px;\r\n      padding: 0px;\r\n          }\r\n\r\n    .related-post .headline {\r\n      font-size: 18px !important;\r\n      color: #999999 !important;\r\n          }\r\n\r\n    .related-post .post-list .item .post_title {\r\n      font-size: 16px;\r\n      color: #3f3f3f;\r\n      margin: 10px 0px;\r\n      padding: 0px;\r\n      display: block;\r\n      text-decoration: none;\r\n          }\r\n\r\n    .related-post .post-list .item .post_thumb {\r\n      max-height: 220px;\r\n      margin: 10px 0px;\r\n      padding: 0px;\r\n      display: block;\r\n          }\r\n\r\n    .related-post .post-list .item .post_excerpt {\r\n      font-size: 13px;\r\n      color: #3f3f3f;\r\n      margin: 10px 0px;\r\n      padding: 0px;\r\n      display: block;\r\n      text-decoration: none;\r\n          }\r\n\r\n    @media only screen and (min-width: 1024px) {\r\n      .related-post .post-list .item {\r\n        width: 45%;\r\n      }\r\n    }\r\n\r\n    @media only screen and (min-width: 768px) and (max-width: 1023px) {\r\n      .related-post .post-list .item {\r\n        width: 90%;\r\n      }\r\n    }\r\n\r\n    @media only screen and (min-width: 0px) and (max-width: 767px) {\r\n      .related-post .post-list .item {\r\n        width: 90%;\r\n      }\r\n    }\r\n\r\n      <\/style>\r\n    <\/div>\r\n","protected":false},"excerpt":{"rendered":"<p>Elfyn Evans e Scott Martin, em Toyota Yaris WRC, foram os melhores na edi\u00e7\u00e3o de 2021 da prova do Autom\u00f3vel Club de Portugal pontu\u00e1vel para o Campeonato do Mundo de Ralis (WRC). Foi o piloto gal\u00eas quem mais capitalizou no erro de Thierry Neuville\/Martin Wydaeghe, quando lideravam Dani Sordo Rally de Portugal 2014 Onboard SS [&hellip;]<\/p>\n","protected":false},"author":1,"featured_media":635,"comment_status":"closed","ping_status":"closed","sticky":false,"template":"","format":"standard","meta":{"footnotes":""},"categories":[8],"tags":[102,100,101],"class_list":["post-634","post","type-post","status-publish","format-standard","has-post-thumbnail","hentry","category-motores","tag-campeonato-do-mundo-de-ralis","tag-elfyn-evans","tag-wrc-portugal-2021"],"aioseo_notices":[],"_links":{"self":[{"href":"https:\/\/www.culturalusa.info\/videos\/wp-json\/wp\/v2\/posts\/634"}],"collection":[{"href":"https:\/\/www.culturalusa.info\/videos\/wp-json\/wp\/v2\/posts"}],"about":[{"href":"https:\/\/www.culturalusa.info\/videos\/wp-json\/wp\/v2\/types\/post"}],"author":[{"embeddable":true,"href":"https:\/\/www.culturalusa.info\/videos\/wp-json\/wp\/v2\/users\/1"}],"replies":[{"embeddable":true,"href":"https:\/\/www.culturalusa.info\/videos\/wp-json\/wp\/v2\/comments?post=634"}],"version-history":[{"count":6,"href":"https:\/\/www.culturalusa.info\/videos\/wp-json\/wp\/v2\/posts\/634\/revisions"}],"predecessor-version":[{"id":641,"href":"https:\/\/www.culturalusa.info\/videos\/wp-json\/wp\/v2\/posts\/634\/revisions\/641"}],"wp:featuredmedia":[{"embeddable":true,"href":"https:\/\/www.culturalusa.info\/videos\/wp-json\/wp\/v2\/media\/635"}],"wp:attachment":[{"href":"https:\/\/www.culturalusa.info\/videos\/wp-json\/wp\/v2\/media?parent=634"}],"wp:term":[{"taxonomy":"category","embeddable":true,"href":"https:\/\/www.culturalusa.info\/videos\/wp-json\/wp\/v2\/categories?post=634"},{"taxonomy":"post_tag","embeddable":true,"href":"https:\/\/www.culturalusa.info\/videos\/wp-json\/wp\/v2\/tags?post=634"}],"curies":[{"name":"wp","href":"https:\/\/api.w.org\/{rel}","templated":true}]}}