{"id":87,"date":"2014-05-03T11:44:43","date_gmt":"2014-05-03T11:44:43","guid":{"rendered":"http:\/\/www.culturalusa.info\/videos\/?p=87"},"modified":"2019-11-20T20:21:55","modified_gmt":"2019-11-20T20:21:55","slug":"motivacao-no-desporto","status":"publish","type":"post","link":"https:\/\/www.culturalusa.info\/videos\/desporto\/motivacao-no-desporto\/","title":{"rendered":"Motiva\u00e7\u00e3o no desporto"},"content":{"rendered":"<p>At\u00e9 os grandes come\u00e7aram pequenos &#8211; <strong>Motiva\u00e7\u00e3o no desporto<\/strong>.<\/p>\n<p>Narra\u00e7\u00e3o Gravada na Academia da Juventude e das Artes da Ilha Terceira.<!--more--><\/p>\n<p><iframe loading=\"lazy\" width=\"100%\" height=\"380\" src=\"https:\/\/www.youtube.com\/embed\/DCQHSEdCGTI\" frameborder=\"0\" allow=\"autoplay; encrypted-media\" allowfullscreen><\/iframe><\/p>\n<p style=\"text-align:center;\"><script type=\"text\/javascript\"><!--\ngoogle_ad_client = \"ca-pub-2727717456356200\";\n\/* CulturaLusa 468x60 *\/\ngoogle_ad_slot = \"2785499263\";\ngoogle_ad_width = 468;\ngoogle_ad_height = 60;\n\/\/-->\n<\/script><br \/>\n<script type=\"text\/javascript\"\nsrc=\"https:\/\/pagead2.googlesyndication.com\/pagead\/show_ads.js\">\n<\/script><\/p>\n  <div class=\"related-post grid\">\r\n      <div class=\"post-list \">\r\n\r\n            <div class=\"item\">\r\n          \r\n  <a class=\"title post_title\"  title=\"Benfica Campe\u00e3o 2013-2014\" href=\"https:\/\/www.culturalusa.info\/videos\/desporto\/benfica-campeao-2013-2014\/?related_post_from=14\">\r\n        Benfica Campe\u00e3o 2013-2014  <\/a>\r\n\r\n  <div class=\"thumb post_thumb\">\r\n    <a  title=\"Benfica Campe\u00e3o 2013-2014\" href=\"https:\/\/www.culturalusa.info\/videos\/desporto\/benfica-campeao-2013-2014\/?related_post_from=14\">\r\n\r\n              <img decoding=\"async\" src=\"\" title=\"Benfica Campe\u00e3o 2013-2014\" alt=\"Benfica Campe\u00e3o 2013-2014\">\r\n\r\n      \r\n\r\n    <\/a>\r\n  <\/div>\r\n  <p class=\"excerpt post_excerpt\">\r\n    Benfica Campe\u00e3o 2013-2014  <\/p>\r\n        <\/div>\r\n              <div class=\"item\">\r\n          \r\n  <a class=\"title post_title\"  title=\"Motiva\u00e7\u00e3o no desporto\" href=\"https:\/\/www.culturalusa.info\/videos\/desporto\/motivacao-no-desporto\/?related_post_from=87\">\r\n        Motiva\u00e7\u00e3o no desporto  <\/a>\r\n\r\n  <div class=\"thumb post_thumb\">\r\n    <a  title=\"Motiva\u00e7\u00e3o no desporto\" href=\"https:\/\/www.culturalusa.info\/videos\/desporto\/motivacao-no-desporto\/?related_post_from=87\">\r\n\r\n      <img loading=\"lazy\" decoding=\"async\" width=\"690\" height=\"387\" src=\"https:\/\/www.culturalusa.info\/videos\/wp-content\/uploads\/2014\/05\/video-generic.jpg\" class=\"attachment-full size-full wp-post-image\" alt=\"\" srcset=\"https:\/\/www.culturalusa.info\/videos\/wp-content\/uploads\/2014\/05\/video-generic.jpg 690w, https:\/\/www.culturalusa.info\/videos\/wp-content\/uploads\/2014\/05\/video-generic-300x168.jpg 300w\" sizes=\"(max-width: 690px) 100vw, 690px\" \/>\r\n\r\n    <\/a>\r\n  <\/div>\r\n  <p class=\"excerpt post_excerpt\">\r\n    At\u00e9 os grandes come\u00e7aram pequenos - Motiva\u00e7\u00e3o no desporto. Narra\u00e7\u00e3o Gravada na Academia da Juventude e das Artes da Ilha <a class=\"read-more\" href=\"https:\/\/www.culturalusa.info\/videos\/desporto\/motivacao-no-desporto\/?related_post_from=87\"> Read more<\/a>  <\/p>\r\n        <\/div>\r\n      \r\n  <\/div>\r\n\r\n  <script>\r\n      <\/script>\r\n  <style>\r\n    .related-post {}\r\n\r\n    .related-post .post-list {\r\n      text-align: left;\r\n          }\r\n\r\n    .related-post .post-list .item {\r\n      margin: 10px;\r\n      padding: 0px;\r\n          }\r\n\r\n    .related-post .headline {\r\n      font-size: 18px !important;\r\n      color: #999999 !important;\r\n          }\r\n\r\n    .related-post .post-list .item .post_title {\r\n      font-size: 16px;\r\n      color: #3f3f3f;\r\n      margin: 10px 0px;\r\n      padding: 0px;\r\n      display: block;\r\n      text-decoration: none;\r\n          }\r\n\r\n    .related-post .post-list .item .post_thumb {\r\n      max-height: 220px;\r\n      margin: 10px 0px;\r\n      padding: 0px;\r\n      display: block;\r\n          }\r\n\r\n    .related-post .post-list .item .post_excerpt {\r\n      font-size: 13px;\r\n      color: #3f3f3f;\r\n      margin: 10px 0px;\r\n      padding: 0px;\r\n      display: block;\r\n      text-decoration: none;\r\n          }\r\n\r\n    @media only screen and (min-width: 1024px) {\r\n      .related-post .post-list .item {\r\n        width: 45%;\r\n      }\r\n    }\r\n\r\n    @media only screen and (min-width: 768px) and (max-width: 1023px) {\r\n      .related-post .post-list .item {\r\n        width: 90%;\r\n      }\r\n    }\r\n\r\n    @media only screen and (min-width: 0px) and (max-width: 767px) {\r\n      .related-post .post-list .item {\r\n        width: 90%;\r\n      }\r\n    }\r\n\r\n      <\/style>\r\n    <\/div>\r\n","protected":false},"excerpt":{"rendered":"<p>At\u00e9 os grandes come\u00e7aram pequenos &#8211; Motiva\u00e7\u00e3o no desporto. Narra\u00e7\u00e3o Gravada na Academia da Juventude e das Artes da Ilha Terceira. Benfica Campe\u00e3o 2013-2014 Benfica Campe\u00e3o 2013-2014 Motiva\u00e7\u00e3o no desporto At\u00e9 os grandes come\u00e7aram pequenos &#8211; Motiva\u00e7\u00e3o no desporto. Narra\u00e7\u00e3o Gravada na Academia da Juventude e das Artes da Ilha Read more<\/p>\n","protected":false},"author":1,"featured_media":534,"comment_status":"open","ping_status":"closed","sticky":false,"template":"","format":"standard","meta":{"footnotes":""},"categories":[4],"tags":[38],"class_list":["post-87","post","type-post","status-publish","format-standard","has-post-thumbnail","hentry","category-desporto","tag-motivacao-no-desporto"],"aioseo_notices":[],"_links":{"self":[{"href":"https:\/\/www.culturalusa.info\/videos\/wp-json\/wp\/v2\/posts\/87"}],"collection":[{"href":"https:\/\/www.culturalusa.info\/videos\/wp-json\/wp\/v2\/posts"}],"about":[{"href":"https:\/\/www.culturalusa.info\/videos\/wp-json\/wp\/v2\/types\/post"}],"author":[{"embeddable":true,"href":"https:\/\/www.culturalusa.info\/videos\/wp-json\/wp\/v2\/users\/1"}],"replies":[{"embeddable":true,"href":"https:\/\/www.culturalusa.info\/videos\/wp-json\/wp\/v2\/comments?post=87"}],"version-history":[{"count":5,"href":"https:\/\/www.culturalusa.info\/videos\/wp-json\/wp\/v2\/posts\/87\/revisions"}],"predecessor-version":[{"id":542,"href":"https:\/\/www.culturalusa.info\/videos\/wp-json\/wp\/v2\/posts\/87\/revisions\/542"}],"wp:featuredmedia":[{"embeddable":true,"href":"https:\/\/www.culturalusa.info\/videos\/wp-json\/wp\/v2\/media\/534"}],"wp:attachment":[{"href":"https:\/\/www.culturalusa.info\/videos\/wp-json\/wp\/v2\/media?parent=87"}],"wp:term":[{"taxonomy":"category","embeddable":true,"href":"https:\/\/www.culturalusa.info\/videos\/wp-json\/wp\/v2\/categories?post=87"},{"taxonomy":"post_tag","embeddable":true,"href":"https:\/\/www.culturalusa.info\/videos\/wp-json\/wp\/v2\/tags?post=87"}],"curies":[{"name":"wp","href":"https:\/\/api.w.org\/{rel}","templated":true}]}}